{"id":8540,"date":"2021-09-30T15:01:18","date_gmt":"2021-09-30T14:01:18","guid":{"rendered":"https:\/\/muzeum.ostroleka.pl\/?p=8540"},"modified":"2022-01-20T11:57:11","modified_gmt":"2022-01-20T10:57:11","slug":"wystawa-papiernicza-zostala-otwarta","status":"publish","type":"post","link":"https:\/\/muzeum.ostroleka.pl\/?p=8540","title":{"rendered":"Wystawa papiernicza zosta\u0142a otwarta"},"content":{"rendered":"<p>Dzi\u015b w Muzeum Kultury Kurpiowskiej w Ostro\u0142\u0119ce odby\u0142 si\u0119 wernisa\u017c wystawy \u201eZ papierem przez dwa tysi\u0105clecia\u201d. Go\u015bci oprowadzi\u0142 po wystawie Marcin Wyszy\u0144ski \u2013 kustosz Muzeum Papiernictwa w Dusznikach-Zdroju, przybli\u017caj\u0105c m.in. histori\u0119 papieru, sposoby jego produkcji, zaprezentowa\u0142 r\u00f3wnie\u017c znajduj\u0105ce si\u0119 na ekspozycji urz\u0105dzenia u\u017cywane niegdy\u015b w bran\u017cy papierniczej. Szczeg\u00f3ln\u0105 atrakcj\u0105 towarzysz\u0105c\u0105 wystawie jest warsztat czerpania papieru, dzi\u0119ki kt\u00f3remu mo\u017cna w\u0142asnor\u0119cznie wykona\u0107 kartk\u0119 dawn\u0105 metod\u0105.<\/p>\n<p>Wystawa pochodzi ze zbior\u00f3w Muzeum Papiernictwa w Dusznikach-Zdroju.<\/p>\n<p>Ekspozycj\u0119 mo\u017cna zwiedza\u0107 do 15 stycznia 2022 roku. Serdecznie zapraszamy.<\/p>\nngg_shortcode_0_placeholder\n","protected":false},"excerpt":{"rendered":"<p>Dzi\u015b w Muzeum Kultury Kurpiowskiej w Ostro\u0142\u0119ce odby\u0142 si\u0119 wernisa\u017c wystawy \u201eZ papierem przez dwa tysi\u0105clecia\u201d. Go\u015bci oprowadzi\u0142 po wystawie Marcin Wyszy\u0144ski \u2013 kustosz Muzeum Papiernictwa w Dusznikach-Zdroju, przybli\u017caj\u0105c m.in. histori\u0119 papieru, sposoby jego produkcji, zaprezentowa\u0142 r\u00f3wnie\u017c znajduj\u0105ce si\u0119 na ekspozycji urz\u0105dzenia u\u017cywane niegdy\u015b w bran\u017cy papierniczej. Szczeg\u00f3ln\u0105 atrakcj\u0105 towarzysz\u0105c\u0105 wystawie jest warsztat czerpania papieru, [&hellip;]<\/p>\n","protected":false},"author":3,"featured_media":8572,"comment_status":"closed","ping_status":"closed","sticky":false,"template":"","format":"standard","meta":{"_acf_changed":false,"_lmt_disableupdate":"","_lmt_disable":"","_monsterinsights_skip_tracking":false,"_monsterinsights_sitenote_active":false,"_monsterinsights_sitenote_note":"","_monsterinsights_sitenote_category":0,"ngg_post_thumbnail":0,"footnotes":""},"categories":[3,53],"tags":[],"class_list":["post-8540","post","type-post","status-publish","format-standard","has-post-thumbnail","hentry","category-aktualnosci","category-wystawy-czasowe-archiwalne"],"acf":[],"modified_by":"Daniel Go\u0142a\u015b","_links":{"self":[{"href":"https:\/\/muzeum.ostroleka.pl\/index.php?rest_route=\/wp\/v2\/posts\/8540","targetHints":{"allow":["GET"]}}],"collection":[{"href":"https:\/\/muzeum.ostroleka.pl\/index.php?rest_route=\/wp\/v2\/posts"}],"about":[{"href":"https:\/\/muzeum.ostroleka.pl\/index.php?rest_route=\/wp\/v2\/types\/post"}],"author":[{"embeddable":true,"href":"https:\/\/muzeum.ostroleka.pl\/index.php?rest_route=\/wp\/v2\/users\/3"}],"replies":[{"embeddable":true,"href":"https:\/\/muzeum.ostroleka.pl\/index.php?rest_route=%2Fwp%2Fv2%2Fcomments&post=8540"}],"version-history":[{"count":1,"href":"https:\/\/muzeum.ostroleka.pl\/index.php?rest_route=\/wp\/v2\/posts\/8540\/revisions"}],"predecessor-version":[{"id":8573,"href":"https:\/\/muzeum.ostroleka.pl\/index.php?rest_route=\/wp\/v2\/posts\/8540\/revisions\/8573"}],"wp:featuredmedia":[{"embeddable":true,"href":"https:\/\/muzeum.ostroleka.pl\/index.php?rest_route=\/wp\/v2\/media\/8572"}],"wp:attachment":[{"href":"https:\/\/muzeum.ostroleka.pl\/index.php?rest_route=%2Fwp%2Fv2%2Fmedia&parent=8540"}],"wp:term":[{"taxonomy":"category","embeddable":true,"href":"https:\/\/muzeum.ostroleka.pl\/index.php?rest_route=%2Fwp%2Fv2%2Fcategories&post=8540"},{"taxonomy":"post_tag","embeddable":true,"href":"https:\/\/muzeum.ostroleka.pl\/index.php?rest_route=%2Fwp%2Fv2%2Ftags&post=8540"}],"curies":[{"name":"wp","href":"https:\/\/api.w.org\/{rel}","templated":true}]}}