{"id":8668,"date":"2021-10-08T09:04:24","date_gmt":"2021-10-08T08:04:24","guid":{"rendered":"https:\/\/muzeum.ostroleka.pl\/?p=8668"},"modified":"2021-10-08T09:06:42","modified_gmt":"2021-10-08T08:06:42","slug":"dyrektor-maria-samsel-wyglosila-referat-o-muzealnych-inwestycjach","status":"publish","type":"post","link":"https:\/\/muzeum.ostroleka.pl\/?p=8668","title":{"rendered":"Dyrektor Maria Samsel wyg\u0142osi\u0142a referat o muzealnych inwestycjach"},"content":{"rendered":"<p style=\"text-align: justify;\">7 pa\u017adziernika br. w Muzeum Mazowieckim w P\u0142ocku odby\u0142a si\u0119 sesja \u201eMuzea regionalne na Mazowszu i w Polsce Centralnej \u2013 nowe wyzwania, najnowsze osi\u0105gni\u0119cia\u201d. Wydarzenie by\u0142o cz\u0119\u015bci\u0105 obchod\u00f3w zorganizowanych w dwusetn\u0105 rocznic\u0119 powstania Muzeum Mazowieckiego w P\u0142ocku. W programie znalaz\u0142y si\u0119 wyst\u0105pienia muzealnik\u00f3w z \u0141odzi, Kutna, Bie\u017cunia, Opinog\u00f3ry, Sieradza oraz Ostro\u0142\u0119ki. Dyrektor Maria Samsel wyg\u0142osi\u0142a referat \u201eCzemu s\u0142u\u017c\u0105 muzealne inwestycje. Przyk\u0142ad Muzeum Kultury Kurpiowskiej w Ostro\u0142\u0119ce\u201d.<\/p>\nngg_shortcode_0_placeholder\n","protected":false},"excerpt":{"rendered":"<p>7 pa\u017adziernika br. w Muzeum Mazowieckim w P\u0142ocku odby\u0142a si\u0119 sesja \u201eMuzea regionalne na Mazowszu i w Polsce Centralnej \u2013 nowe wyzwania, najnowsze osi\u0105gni\u0119cia\u201d. Wydarzenie by\u0142o cz\u0119\u015bci\u0105 obchod\u00f3w zorganizowanych w dwusetn\u0105 rocznic\u0119 powstania Muzeum Mazowieckiego w P\u0142ocku. W programie znalaz\u0142y si\u0119 wyst\u0105pienia muzealnik\u00f3w z \u0141odzi, Kutna, Bie\u017cunia, Opinog\u00f3ry, Sieradza oraz Ostro\u0142\u0119ki. Dyrektor Maria Samsel wyg\u0142osi\u0142a [&hellip;]<\/p>\n","protected":false},"author":3,"featured_media":8673,"comment_status":"closed","ping_status":"closed","sticky":false,"template":"","format":"standard","meta":{"_acf_changed":false,"_lmt_disableupdate":"","_lmt_disable":"","_monsterinsights_skip_tracking":false,"_monsterinsights_sitenote_active":false,"_monsterinsights_sitenote_note":"","_monsterinsights_sitenote_category":0,"ngg_post_thumbnail":0,"footnotes":""},"categories":[3],"tags":[],"class_list":["post-8668","post","type-post","status-publish","format-standard","has-post-thumbnail","hentry","category-aktualnosci"],"acf":[],"modified_by":"Daniel Go\u0142a\u015b","_links":{"self":[{"href":"https:\/\/muzeum.ostroleka.pl\/index.php?rest_route=\/wp\/v2\/posts\/8668","targetHints":{"allow":["GET"]}}],"collection":[{"href":"https:\/\/muzeum.ostroleka.pl\/index.php?rest_route=\/wp\/v2\/posts"}],"about":[{"href":"https:\/\/muzeum.ostroleka.pl\/index.php?rest_route=\/wp\/v2\/types\/post"}],"author":[{"embeddable":true,"href":"https:\/\/muzeum.ostroleka.pl\/index.php?rest_route=\/wp\/v2\/users\/3"}],"replies":[{"embeddable":true,"href":"https:\/\/muzeum.ostroleka.pl\/index.php?rest_route=%2Fwp%2Fv2%2Fcomments&post=8668"}],"version-history":[{"count":3,"href":"https:\/\/muzeum.ostroleka.pl\/index.php?rest_route=\/wp\/v2\/posts\/8668\/revisions"}],"predecessor-version":[{"id":8676,"href":"https:\/\/muzeum.ostroleka.pl\/index.php?rest_route=\/wp\/v2\/posts\/8668\/revisions\/8676"}],"wp:featuredmedia":[{"embeddable":true,"href":"https:\/\/muzeum.ostroleka.pl\/index.php?rest_route=\/wp\/v2\/media\/8673"}],"wp:attachment":[{"href":"https:\/\/muzeum.ostroleka.pl\/index.php?rest_route=%2Fwp%2Fv2%2Fmedia&parent=8668"}],"wp:term":[{"taxonomy":"category","embeddable":true,"href":"https:\/\/muzeum.ostroleka.pl\/index.php?rest_route=%2Fwp%2Fv2%2Fcategories&post=8668"},{"taxonomy":"post_tag","embeddable":true,"href":"https:\/\/muzeum.ostroleka.pl\/index.php?rest_route=%2Fwp%2Fv2%2Ftags&post=8668"}],"curies":[{"name":"wp","href":"https:\/\/api.w.org\/{rel}","templated":true}]}}