{"id":8977,"date":"2021-11-12T15:28:33","date_gmt":"2021-11-12T14:28:33","guid":{"rendered":"https:\/\/muzeum.ostroleka.pl\/?p=8977"},"modified":"2021-11-12T15:35:08","modified_gmt":"2021-11-12T14:35:08","slug":"wspolne-obchody-narodowego-swieta-niepodleglosci","status":"publish","type":"post","link":"https:\/\/muzeum.ostroleka.pl\/?p=8977","title":{"rendered":"Wsp\u00f3lne obchody Narodowego \u015awi\u0119ta Niepodleg\u0142o\u015bci"},"content":{"rendered":"<p style=\"text-align: justify;\">Wczoraj razem z naszymi wspania\u0142ymi go\u015b\u0107mi uczcili\u015bmy Narodowe \u015awi\u0119to Niepodleg\u0142o\u015bci. Od godziny 10.00 odbywa\u0142y si\u0119 patriotyczne warsztaty \u201eBarwy Niepodleg\u0142ej\u201d, kt\u00f3rych uczestnicy w\u0142asnor\u0119cznie wykonywali lampioniki, notesy, papierowe flagi, kwiatki z bibu\u0142y, a to wszystko w bia\u0142o-czerwonych barwach. Na go\u015bci czeka\u0142a te\u017c planszowa gra patriotyczna \u201eDroga do niepodleg\u0142o\u015bci\u201d oraz zadania pog\u0142\u0119biaj\u0105ce wiedz\u0119 o naszej Ojczy\u017anie.<\/p>\n<p style=\"text-align: justify;\">O godzinie 17.00 na muzealnym dziedzi\u0144cu rozpocz\u0119\u0142o si\u0119 XIV Wsp\u00f3lne \u015apiewanie Patriotyczne \u201eO m\u00f3j rozmarynie&#8230;\u201d. Go\u015bci powita\u0142a dyrektor Maria Samsel, nast\u0119pnie wydarzenie rozpocz\u0119\u0142o od\u015bpiewanie Mazurka D\u0105browskiego. Wsp\u00f3lnie uczcili\u015bmy 103. rocznic\u0119 odzyskania przez Polsk\u0119 niepodleg\u0142o\u015bci, tym samym oddali\u015bmy ho\u0142d tym, kt\u00f3rzy swe \u017cycie po\u015bwi\u0119cili walce o wolno\u015b\u0107. Patriotyczne melodie i wsp\u00f3lny \u015bpiew w Muzeum Kultury Kurpiowskiej rozbrzmiewa\u0142y do wieczora. Serdecznie dzi\u0119kujemy przyby\u0142ym go\u015bciom, artystom, Powiatowi Ostro\u0142\u0119ckiemu i wszystkim, dzi\u0119ki kt\u00f3rym to wspania\u0142e wydarzenie mog\u0142o si\u0119 odby\u0107.<\/p>\n<p>Na scenie wyst\u0105pili:<\/p>\n<p>Soli\u015bci:<\/p>\n<ul>\n<li>Agnieszka Drabot,<\/li>\n<li>Stanis\u0142aw Dobkowski,<\/li>\n<li>Tomasz Samsel,<\/li>\n<li>Ch\u00f3r \u201eO!La!La!\u201d dzia\u0142aj\u0105cy przy Muzeum Kultury Kurpiowskiej w Ostro\u0142\u0119ce,<br \/>\nprowadzony przez Roberta Lipk\u0119.<\/li>\n<\/ul>\n<p>Zesp\u00f3\u0142 muzyczny:<\/p>\n<ul>\n<li>Robert Lipka \u2013 akordeon,<\/li>\n<li>Ma\u0142gorzata Szarlik-Wo\u017aniak \u2013 skrzypce,<\/li>\n<li>Marta Ma\u015blanka \u2013 cymba\u0142y, instrumenty perkusyjne,<\/li>\n<li>Micha\u0142 Wo\u017aniak \u2013 kontrabas,<\/li>\n<li>Damian Marat \u2013 tr\u0105bka, kornet.<\/li>\n<\/ul>\n<p>&nbsp;<\/p>\n<p>Fragment wiersza \u201eRozmaryn\u201d Stanis\u0142awa Bali\u0144skiego czyta\u0142a Martyna Lewandowska.<\/p>\n<p>Kierownictwo muzyczne: Robert Lipka.<\/p>\n<p>Koncert poprowadzi\u0142a Gra\u017cyna Talarek.<\/p>\n<p>Wsp\u00f3\u0142organizatorem koncertu by\u0142 Powiat Ostro\u0142\u0119cki.<\/p>\n<p>ngg_shortcode_0_placeholderngg_shortcode_1_placeholder<\/p>\n","protected":false},"excerpt":{"rendered":"<p>Wczoraj razem z naszymi wspania\u0142ymi go\u015b\u0107mi uczcili\u015bmy Narodowe \u015awi\u0119to Niepodleg\u0142o\u015bci. Od godziny 10.00 odbywa\u0142y si\u0119 patriotyczne warsztaty \u201eBarwy Niepodleg\u0142ej\u201d, kt\u00f3rych uczestnicy w\u0142asnor\u0119cznie wykonywali lampioniki, notesy, papierowe flagi, kwiatki z bibu\u0142y, a to wszystko w bia\u0142o-czerwonych barwach. Na go\u015bci czeka\u0142a te\u017c planszowa gra patriotyczna \u201eDroga do niepodleg\u0142o\u015bci\u201d oraz zadania pog\u0142\u0119biaj\u0105ce wiedz\u0119 o naszej Ojczy\u017anie. O godzinie [&hellip;]<\/p>\n","protected":false},"author":3,"featured_media":9012,"comment_status":"closed","ping_status":"closed","sticky":false,"template":"","format":"standard","meta":{"_acf_changed":false,"_lmt_disableupdate":"","_lmt_disable":"","_monsterinsights_skip_tracking":false,"_monsterinsights_sitenote_active":false,"_monsterinsights_sitenote_note":"","_monsterinsights_sitenote_category":0,"ngg_post_thumbnail":0,"footnotes":""},"categories":[3],"tags":[],"class_list":["post-8977","post","type-post","status-publish","format-standard","has-post-thumbnail","hentry","category-aktualnosci"],"acf":[],"modified_by":"Daniel Go\u0142a\u015b","_links":{"self":[{"href":"https:\/\/muzeum.ostroleka.pl\/index.php?rest_route=\/wp\/v2\/posts\/8977","targetHints":{"allow":["GET"]}}],"collection":[{"href":"https:\/\/muzeum.ostroleka.pl\/index.php?rest_route=\/wp\/v2\/posts"}],"about":[{"href":"https:\/\/muzeum.ostroleka.pl\/index.php?rest_route=\/wp\/v2\/types\/post"}],"author":[{"embeddable":true,"href":"https:\/\/muzeum.ostroleka.pl\/index.php?rest_route=\/wp\/v2\/users\/3"}],"replies":[{"embeddable":true,"href":"https:\/\/muzeum.ostroleka.pl\/index.php?rest_route=%2Fwp%2Fv2%2Fcomments&post=8977"}],"version-history":[{"count":2,"href":"https:\/\/muzeum.ostroleka.pl\/index.php?rest_route=\/wp\/v2\/posts\/8977\/revisions"}],"predecessor-version":[{"id":9013,"href":"https:\/\/muzeum.ostroleka.pl\/index.php?rest_route=\/wp\/v2\/posts\/8977\/revisions\/9013"}],"wp:featuredmedia":[{"embeddable":true,"href":"https:\/\/muzeum.ostroleka.pl\/index.php?rest_route=\/wp\/v2\/media\/9012"}],"wp:attachment":[{"href":"https:\/\/muzeum.ostroleka.pl\/index.php?rest_route=%2Fwp%2Fv2%2Fmedia&parent=8977"}],"wp:term":[{"taxonomy":"category","embeddable":true,"href":"https:\/\/muzeum.ostroleka.pl\/index.php?rest_route=%2Fwp%2Fv2%2Fcategories&post=8977"},{"taxonomy":"post_tag","embeddable":true,"href":"https:\/\/muzeum.ostroleka.pl\/index.php?rest_route=%2Fwp%2Fv2%2Ftags&post=8977"}],"curies":[{"name":"wp","href":"https:\/\/api.w.org\/{rel}","templated":true}]}}