{"id":9066,"date":"2021-11-19T11:32:01","date_gmt":"2021-11-19T10:32:01","guid":{"rendered":"https:\/\/muzeum.ostroleka.pl\/?p=9066"},"modified":"2021-11-22T08:56:47","modified_gmt":"2021-11-22T07:56:47","slug":"zaproszenie-do-udzialu-w-konferencji","status":"publish","type":"post","link":"https:\/\/muzeum.ostroleka.pl\/?p=9066","title":{"rendered":"Zaproszenie do udzia\u0142u w konferencji"},"content":{"rendered":"<p>Muzeum Kultury Kurpiowskiej w Ostro\u0142\u0119ce zaprasza na konferencj\u0119 \u201eGeneralicja powstania listopadowego 1830\u20131831\u201d, kt\u00f3ra odb\u0119dzie si\u0119 25 listopada 2021 r. o godz. 12.00 w budynku Muzeum przy placu gen. J\u00f3zefa Bema 8 w Ostro\u0142\u0119ce. Konferencja organizowana jest dla uczczenia 191. rocznicy powstania listopadowego.<\/p>\n<p>&nbsp;<\/p>\n<p>&nbsp;<\/p>\n<p><strong>Program konferencji:<\/strong><\/p>\n<ul>\n<li>12.00 \u2013 Przywitanie go\u015bci.<\/li>\n<li>12.10\u201312.25 \u2013 Prof. dr hab. Norbert Kasparek \u2013 \u201eGen. Maciej Rybi\u0144ski \u2013 ostatni w\u00f3dz naczelny powstania listopadowego\u201d.<\/li>\n<li>12.25\u201312.40 \u2013 Dr hab. Tomasz Strze\u017cek \u2013 prof. UWM \u2013 \u201eOkoliczno\u015bci \u015bmierci gen. Henryka Kamie\u0144skiego w \u015bwietle najnowszych bada\u0144\u201d.<\/li>\n<li>12.40\u201312.55 \u2013 Mgr Krzysztof Augustyniak \u2013 \u201eGen. Jan Zygmunt Skrzynecki w trakcie wyprawy na gwardie carskie \u2013 pr\u00f3ba oceny\u201d.<\/li>\n<li>12.55\u201313.10 \u2013 Dyskusja.<\/li>\n<li>13.10\u201313.25 \u2013 Przerwa kawowa.<\/li>\n<li>13.25\u201313.40 \u2013 Dr hab. Jan Miro\u0144czuk \u2013 prof. WSTS \u2013 \u201eObraz generalicji powstania listopadowego w edukacji szkolnej\u201d.<\/li>\n<li>13.40\u201313.55 \u2013 Dr Jerzy Kijowski \u2013 \u201eGeneralicja powstania listopadowego w przestrzeni miejskiej Ostro\u0142\u0119ki\u201d.<\/li>\n<li>13.55\u201314.10 \u2013 Dr Marek Niewiadomski \u2013 \u201eGeneralicja powstania listopadowego w turystyce historycznej\u201d.<\/li>\n<li>14.10\u201314.25 \u2013 Mgr Joanna Zy\u015bk \u2013 \u201eGeneralicja powstania listopadowego w zbiorach Muzeum Kultury Kurpiowskiej w Ostro\u0142\u0119ce\u201d.<\/li>\n<li>14.25\u201314.40 \u2013 Dyskusja i zamkni\u0119cie konferencji.<\/li>\n<\/ul>\n<p>&nbsp;<\/p>\n","protected":false},"excerpt":{"rendered":"<p>Muzeum Kultury Kurpiowskiej w Ostro\u0142\u0119ce zaprasza na konferencj\u0119 \u201eGeneralicja powstania listopadowego 1830\u20131831\u201d, kt\u00f3ra odb\u0119dzie si\u0119 25 listopada 2021 r. o godz. 12.00 w budynku Muzeum przy placu gen. J\u00f3zefa Bema 8 w Ostro\u0142\u0119ce. Konferencja organizowana jest dla uczczenia 191. rocznicy powstania listopadowego. &nbsp; &nbsp; Program konferencji: 12.00 \u2013 Przywitanie go\u015bci. 12.10\u201312.25 \u2013 Prof. dr hab. [&hellip;]<\/p>\n","protected":false},"author":3,"featured_media":9068,"comment_status":"closed","ping_status":"closed","sticky":false,"template":"","format":"standard","meta":{"_acf_changed":false,"_lmt_disableupdate":"","_lmt_disable":"","_monsterinsights_skip_tracking":false,"_monsterinsights_sitenote_active":false,"_monsterinsights_sitenote_note":"","_monsterinsights_sitenote_category":0,"ngg_post_thumbnail":0,"footnotes":""},"categories":[3,1],"tags":[],"class_list":["post-9066","post","type-post","status-publish","format-standard","has-post-thumbnail","hentry","category-aktualnosci","category-bez-kategorii"],"acf":[],"modified_by":"Daniel Go\u0142a\u015b","_links":{"self":[{"href":"https:\/\/muzeum.ostroleka.pl\/index.php?rest_route=\/wp\/v2\/posts\/9066","targetHints":{"allow":["GET"]}}],"collection":[{"href":"https:\/\/muzeum.ostroleka.pl\/index.php?rest_route=\/wp\/v2\/posts"}],"about":[{"href":"https:\/\/muzeum.ostroleka.pl\/index.php?rest_route=\/wp\/v2\/types\/post"}],"author":[{"embeddable":true,"href":"https:\/\/muzeum.ostroleka.pl\/index.php?rest_route=\/wp\/v2\/users\/3"}],"replies":[{"embeddable":true,"href":"https:\/\/muzeum.ostroleka.pl\/index.php?rest_route=%2Fwp%2Fv2%2Fcomments&post=9066"}],"version-history":[{"count":12,"href":"https:\/\/muzeum.ostroleka.pl\/index.php?rest_route=\/wp\/v2\/posts\/9066\/revisions"}],"predecessor-version":[{"id":9079,"href":"https:\/\/muzeum.ostroleka.pl\/index.php?rest_route=\/wp\/v2\/posts\/9066\/revisions\/9079"}],"wp:featuredmedia":[{"embeddable":true,"href":"https:\/\/muzeum.ostroleka.pl\/index.php?rest_route=\/wp\/v2\/media\/9068"}],"wp:attachment":[{"href":"https:\/\/muzeum.ostroleka.pl\/index.php?rest_route=%2Fwp%2Fv2%2Fmedia&parent=9066"}],"wp:term":[{"taxonomy":"category","embeddable":true,"href":"https:\/\/muzeum.ostroleka.pl\/index.php?rest_route=%2Fwp%2Fv2%2Fcategories&post=9066"},{"taxonomy":"post_tag","embeddable":true,"href":"https:\/\/muzeum.ostroleka.pl\/index.php?rest_route=%2Fwp%2Fv2%2Ftags&post=9066"}],"curies":[{"name":"wp","href":"https:\/\/api.w.org\/{rel}","templated":true}]}}