{"id":9346,"date":"2021-12-22T16:00:21","date_gmt":"2021-12-22T15:00:21","guid":{"rendered":"https:\/\/muzeum.ostroleka.pl\/?p=9346"},"modified":"2021-12-22T16:04:09","modified_gmt":"2021-12-22T15:04:09","slug":"zakup-obrazu-teofila-kwiatkowskiego-polonez-zawisza-czarny","status":"publish","type":"post","link":"https:\/\/muzeum.ostroleka.pl\/?p=9346","title":{"rendered":"Zakup obrazu Teofila Kwiatkowskiego \u2013 Polonez \/ Zawisza Czarny"},"content":{"rendered":"<p style=\"text-align: justify;\">Muzeum Kultury Kurpiowskiej w Ostro\u0142\u0119ce zrealizowa\u0142o zadanie pn. \u201eZakup obrazu Teofila Kwiatkowskiego \u2013 Polonez \/ Zawisza Czarny do zbior\u00f3w Muzeum Kultury Kurpiowskiej w Ostro\u0142\u0119ce\u201d.<\/p>\n<p style=\"text-align: justify;\">Obiekt trafi\u0142 do zbior\u00f3w muzealnych poszerzaj\u0105c kolekcj\u0119 zawieraj\u0105c\u0105 tw\u00f3rczo\u015b\u0107 \u017co\u0142nierzy powstania listopadowego tworz\u0105cych na Wielkiej Emigracji. Wa\u017cn\u0105 cz\u0119\u015bci\u0105 zbior\u00f3w Muzeum Kultury Kurpiowskiej w Ostro\u0142\u0119ce s\u0105 muzealia zwi\u0105zane z tym powstaniem narodowym oraz z jego uczestnikami. Teofil Kwiatkowski bra\u0142 udzia\u0142 w bitwie pod Ostro\u0142\u0119k\u0105 26 maja 1831 roku. Muzeum w zbiorach posiada ju\u017c prace tego artysty. S\u0105 one prezentowane na jednej z wystaw sta\u0142ych Muzeum.<\/p>\n<p>Zadanie zrealizowano przy pomocy dotacji celowej z bud\u017cetu Wojew\u00f3dztwa Mazowieckiego w kwocie 26 000,00 z\u0142 na podstawie umowy nr W\/UMWM-UU\/UM\/NW\/7035\/2021 z dnia 30 listopada 2021 r.<\/p>\n<p><img loading=\"lazy\" decoding=\"async\" class=\"size-full wp-image-5782 alignleft\" src=\"https:\/\/muzeum.ostroleka.pl\/wp-content\/uploads\/2020\/12\/mazowsze_logo_200.jpg\" alt=\"logotyp Mazowsze\" width=\"200\" height=\"54\"><\/p>\n<p>&nbsp;<\/p>\n<p>&nbsp;<\/p>\n","protected":false},"excerpt":{"rendered":"<p>Muzeum Kultury Kurpiowskiej w Ostro\u0142\u0119ce zrealizowa\u0142o zadanie pn. \u201eZakup obrazu Teofila Kwiatkowskiego \u2013 Polonez \/ Zawisza Czarny do zbior\u00f3w Muzeum Kultury Kurpiowskiej w Ostro\u0142\u0119ce\u201d. Obiekt trafi\u0142 do zbior\u00f3w muzealnych poszerzaj\u0105c kolekcj\u0119 zawieraj\u0105c\u0105 tw\u00f3rczo\u015b\u0107 \u017co\u0142nierzy powstania listopadowego tworz\u0105cych na Wielkiej Emigracji. Wa\u017cn\u0105 cz\u0119\u015bci\u0105 zbior\u00f3w Muzeum Kultury Kurpiowskiej w Ostro\u0142\u0119ce s\u0105 muzealia zwi\u0105zane z tym powstaniem narodowym [&hellip;]<\/p>\n","protected":false},"author":3,"featured_media":9351,"comment_status":"closed","ping_status":"closed","sticky":false,"template":"","format":"standard","meta":{"_acf_changed":false,"_lmt_disableupdate":"","_lmt_disable":"","_monsterinsights_skip_tracking":false,"_monsterinsights_sitenote_active":false,"_monsterinsights_sitenote_note":"","_monsterinsights_sitenote_category":0,"ngg_post_thumbnail":0,"footnotes":""},"categories":[9],"tags":[],"class_list":["post-9346","post","type-post","status-publish","format-standard","has-post-thumbnail","hentry","category-inwestycje"],"acf":[],"modified_by":"Daniel Go\u0142a\u015b","_links":{"self":[{"href":"https:\/\/muzeum.ostroleka.pl\/index.php?rest_route=\/wp\/v2\/posts\/9346","targetHints":{"allow":["GET"]}}],"collection":[{"href":"https:\/\/muzeum.ostroleka.pl\/index.php?rest_route=\/wp\/v2\/posts"}],"about":[{"href":"https:\/\/muzeum.ostroleka.pl\/index.php?rest_route=\/wp\/v2\/types\/post"}],"author":[{"embeddable":true,"href":"https:\/\/muzeum.ostroleka.pl\/index.php?rest_route=\/wp\/v2\/users\/3"}],"replies":[{"embeddable":true,"href":"https:\/\/muzeum.ostroleka.pl\/index.php?rest_route=%2Fwp%2Fv2%2Fcomments&post=9346"}],"version-history":[{"count":11,"href":"https:\/\/muzeum.ostroleka.pl\/index.php?rest_route=\/wp\/v2\/posts\/9346\/revisions"}],"predecessor-version":[{"id":9413,"href":"https:\/\/muzeum.ostroleka.pl\/index.php?rest_route=\/wp\/v2\/posts\/9346\/revisions\/9413"}],"wp:featuredmedia":[{"embeddable":true,"href":"https:\/\/muzeum.ostroleka.pl\/index.php?rest_route=\/wp\/v2\/media\/9351"}],"wp:attachment":[{"href":"https:\/\/muzeum.ostroleka.pl\/index.php?rest_route=%2Fwp%2Fv2%2Fmedia&parent=9346"}],"wp:term":[{"taxonomy":"category","embeddable":true,"href":"https:\/\/muzeum.ostroleka.pl\/index.php?rest_route=%2Fwp%2Fv2%2Fcategories&post=9346"},{"taxonomy":"post_tag","embeddable":true,"href":"https:\/\/muzeum.ostroleka.pl\/index.php?rest_route=%2Fwp%2Fv2%2Ftags&post=9346"}],"curies":[{"name":"wp","href":"https:\/\/api.w.org\/{rel}","templated":true}]}}