{"id":9615,"date":"2022-01-27T09:55:11","date_gmt":"2022-01-27T08:55:11","guid":{"rendered":"https:\/\/muzeum.ostroleka.pl\/?p=9615"},"modified":"2022-01-27T09:55:11","modified_gmt":"2022-01-27T08:55:11","slug":"spiewaj-razem-z-nami-w-lutym-2","status":"publish","type":"post","link":"https:\/\/muzeum.ostroleka.pl\/?p=9615","title":{"rendered":"\u015apiewaj razem z nami w lutym"},"content":{"rendered":"<p>Najbli\u017csze spotkanie ch\u00f3ru \u201eO! La! La!\u201d odb\u0119dzie si\u0119 w niedziel\u0119 20 lutego 2022 r. o godz. 14.00.<br \/>\nImprez\u0119 tradycyjnie poprowadzi Robert Lipka.<\/p>\n<p>Zapraszamy!<\/p>\n<p>&nbsp;<\/p>\n<p>Miejsce: budynek Muzeum Kultury Kurpiowskiej w Ostro\u0142\u0119ce przy placu gen. J. Bema 8.<br \/>\nTermin: 20 lutego 2022 r. (niedziela), godz. 14.00.<br \/>\nCena: 5 z\u0142 od osoby.<br \/>\nCz\u0119stotliwo\u015b\u0107 spotka\u0144: raz w miesi\u0105cu.<br \/>\nInformacje: Dzia\u0142 Edukacji i Promocji MKK, tel. 29 7645443 wew. 43, e-mail: edukacja@muzeum.ostroleka.pl<\/p>\n","protected":false},"excerpt":{"rendered":"<p>Najbli\u017csze spotkanie ch\u00f3ru \u201eO! La! La!\u201d odb\u0119dzie si\u0119 w niedziel\u0119 20 lutego 2022 r. o godz. 14.00. Imprez\u0119 tradycyjnie poprowadzi Robert Lipka. Zapraszamy! &nbsp; Miejsce: budynek Muzeum Kultury Kurpiowskiej w Ostro\u0142\u0119ce przy placu gen. J. Bema 8. Termin: 20 lutego 2022 r. (niedziela), godz. 14.00. Cena: 5 z\u0142 od osoby. Cz\u0119stotliwo\u015b\u0107 spotka\u0144: raz w miesi\u0105cu. [&hellip;]<\/p>\n","protected":false},"author":3,"featured_media":9616,"comment_status":"closed","ping_status":"closed","sticky":false,"template":"","format":"standard","meta":{"_acf_changed":false,"_lmt_disableupdate":"","_lmt_disable":"","_monsterinsights_skip_tracking":false,"_monsterinsights_sitenote_active":false,"_monsterinsights_sitenote_note":"","_monsterinsights_sitenote_category":0,"ngg_post_thumbnail":0,"footnotes":""},"categories":[3],"tags":[],"class_list":["post-9615","post","type-post","status-publish","format-standard","has-post-thumbnail","hentry","category-aktualnosci"],"acf":[],"modified_by":"Daniel Go\u0142a\u015b","_links":{"self":[{"href":"https:\/\/muzeum.ostroleka.pl\/index.php?rest_route=\/wp\/v2\/posts\/9615","targetHints":{"allow":["GET"]}}],"collection":[{"href":"https:\/\/muzeum.ostroleka.pl\/index.php?rest_route=\/wp\/v2\/posts"}],"about":[{"href":"https:\/\/muzeum.ostroleka.pl\/index.php?rest_route=\/wp\/v2\/types\/post"}],"author":[{"embeddable":true,"href":"https:\/\/muzeum.ostroleka.pl\/index.php?rest_route=\/wp\/v2\/users\/3"}],"replies":[{"embeddable":true,"href":"https:\/\/muzeum.ostroleka.pl\/index.php?rest_route=%2Fwp%2Fv2%2Fcomments&post=9615"}],"version-history":[{"count":1,"href":"https:\/\/muzeum.ostroleka.pl\/index.php?rest_route=\/wp\/v2\/posts\/9615\/revisions"}],"predecessor-version":[{"id":9617,"href":"https:\/\/muzeum.ostroleka.pl\/index.php?rest_route=\/wp\/v2\/posts\/9615\/revisions\/9617"}],"wp:featuredmedia":[{"embeddable":true,"href":"https:\/\/muzeum.ostroleka.pl\/index.php?rest_route=\/wp\/v2\/media\/9616"}],"wp:attachment":[{"href":"https:\/\/muzeum.ostroleka.pl\/index.php?rest_route=%2Fwp%2Fv2%2Fmedia&parent=9615"}],"wp:term":[{"taxonomy":"category","embeddable":true,"href":"https:\/\/muzeum.ostroleka.pl\/index.php?rest_route=%2Fwp%2Fv2%2Fcategories&post=9615"},{"taxonomy":"post_tag","embeddable":true,"href":"https:\/\/muzeum.ostroleka.pl\/index.php?rest_route=%2Fwp%2Fv2%2Ftags&post=9615"}],"curies":[{"name":"wp","href":"https:\/\/api.w.org\/{rel}","templated":true}]}}