{"id":979,"date":"2019-10-25T11:15:39","date_gmt":"2019-10-25T11:15:39","guid":{"rendered":"http:\/\/mkk.wisnia.pl\/?p=979"},"modified":"2023-03-08T14:16:34","modified_gmt":"2023-03-08T13:16:34","slug":"mowia-wieki","status":"publish","type":"post","link":"https:\/\/muzeum.ostroleka.pl\/?p=979","title":{"rendered":"M\u00f3wi\u0105 wieki"},"content":{"rendered":"<div class=\"leadArticle\">\n<p>Jedenasty numer miesi\u0119cznika historycznego, kt\u00f3ry by\u0142 wsp\u00f3\u0142finansowany ze \u015brodk\u00f3w Muzeum Kultury Kurpiowskiej. Wydanie w spos\u00f3b szczeg\u00f3lny porusza kwestie bitwy pod Ostro\u0142\u0119ka. W numerze do przeczytania teksty m.in. Barbary Kalinowskiej (\u201ePomniki bitwy pod Ostro\u0142\u0119k\u0105\u201d) i Marii Samsel (\u201eProjekt Ponarwie. Konserwacja i&nbsp;rewitalizacja fortu ziemnego o Pomnika Mauzoleum poleg\u0142ych w bitwie pod Ostro\u0142\u0119k\u0105 26 maja 1831 roku\u201d)<\/p>\n<\/div>\n<p>Bellona SA., Muzeum &nbsp;Kultury Kurpiowskiej, Rada Ochrony Pami\u0119ci Walk i M\u0119cze\u0144stwa, 2011, nr 11.<\/p>\n<div>format 206 x 296 mm, 112 s., opr. mi\u0119kka, ISBN 123-04-018<\/div>\n<div>&nbsp;<\/div>\n<div>&nbsp;<\/div>\n<div><span style=\"text-decoration: underline;\"><strong>NAK\u0141AD WYCZERPANY<\/strong><\/span><\/div>\n<p>&nbsp;<\/p>\n<p>&nbsp;<\/p>\n","protected":false},"excerpt":{"rendered":"<p>Jedenasty numer miesi\u0119cznika historycznego, kt\u00f3ry by\u0142 wsp\u00f3\u0142finansowany ze \u015brodk\u00f3w Muzeum Kultury Kurpiowskiej. Wydanie w spos\u00f3b szczeg\u00f3lny porusza kwestie bitwy pod Ostro\u0142\u0119ka. W numerze do przeczytania teksty m.in. Barbary Kalinowskiej (\u201ePomniki bitwy pod Ostro\u0142\u0119k\u0105\u201d) i Marii Samsel (\u201eProjekt Ponarwie. Konserwacja i&nbsp;rewitalizacja fortu ziemnego o Pomnika Mauzoleum poleg\u0142ych w bitwie pod Ostro\u0142\u0119k\u0105 26 maja 1831 roku\u201d) Bellona [&hellip;]<\/p>\n","protected":false},"author":1,"featured_media":981,"comment_status":"closed","ping_status":"closed","sticky":false,"template":"","format":"standard","meta":{"_acf_changed":false,"_lmt_disableupdate":"","_lmt_disable":"","_monsterinsights_skip_tracking":false,"_monsterinsights_sitenote_active":false,"_monsterinsights_sitenote_note":"","_monsterinsights_sitenote_category":0,"ngg_post_thumbnail":0,"footnotes":""},"categories":[41],"tags":[],"class_list":["post-979","post","type-post","status-publish","format-standard","has-post-thumbnail","hentry","category-publikacje"],"acf":[],"modified_by":"Daniel Go\u0142a\u015b","_links":{"self":[{"href":"https:\/\/muzeum.ostroleka.pl\/index.php?rest_route=\/wp\/v2\/posts\/979","targetHints":{"allow":["GET"]}}],"collection":[{"href":"https:\/\/muzeum.ostroleka.pl\/index.php?rest_route=\/wp\/v2\/posts"}],"about":[{"href":"https:\/\/muzeum.ostroleka.pl\/index.php?rest_route=\/wp\/v2\/types\/post"}],"author":[{"embeddable":true,"href":"https:\/\/muzeum.ostroleka.pl\/index.php?rest_route=\/wp\/v2\/users\/1"}],"replies":[{"embeddable":true,"href":"https:\/\/muzeum.ostroleka.pl\/index.php?rest_route=%2Fwp%2Fv2%2Fcomments&post=979"}],"version-history":[{"count":3,"href":"https:\/\/muzeum.ostroleka.pl\/index.php?rest_route=\/wp\/v2\/posts\/979\/revisions"}],"predecessor-version":[{"id":13025,"href":"https:\/\/muzeum.ostroleka.pl\/index.php?rest_route=\/wp\/v2\/posts\/979\/revisions\/13025"}],"wp:featuredmedia":[{"embeddable":true,"href":"https:\/\/muzeum.ostroleka.pl\/index.php?rest_route=\/wp\/v2\/media\/981"}],"wp:attachment":[{"href":"https:\/\/muzeum.ostroleka.pl\/index.php?rest_route=%2Fwp%2Fv2%2Fmedia&parent=979"}],"wp:term":[{"taxonomy":"category","embeddable":true,"href":"https:\/\/muzeum.ostroleka.pl\/index.php?rest_route=%2Fwp%2Fv2%2Fcategories&post=979"},{"taxonomy":"post_tag","embeddable":true,"href":"https:\/\/muzeum.ostroleka.pl\/index.php?rest_route=%2Fwp%2Fv2%2Ftags&post=979"}],"curies":[{"name":"wp","href":"https:\/\/api.w.org\/{rel}","templated":true}]}}