{"id":987,"date":"2019-10-25T11:17:23","date_gmt":"2019-10-25T11:17:23","guid":{"rendered":"http:\/\/mkk.wisnia.pl\/?p=987"},"modified":"2023-03-10T10:45:09","modified_gmt":"2023-03-10T09:45:09","slug":"general-jozef-bem-bohater-polski-i-wegier-2","status":"publish","type":"post","link":"https:\/\/muzeum.ostroleka.pl\/?p=987","title":{"rendered":"Istv\u00e1n Kov\u00e1cs \u201eGenera\u0142 J\u00f3zef Bem. Bohater Polski i W\u0119gier\u201d"},"content":{"rendered":"<div class=\"leadArticle\">\n<p>Autor: Istv\u00e1n Kov\u00e1cs<\/p>\n<div>&nbsp;<\/div>\n<div>Publikacja wydana z okazji dni przyja\u017ani polsko-w\u0119gierskich (22-23.03.2012). W pierwszej cz\u0119\u015bci, zosta\u0142a przedstawiona sylwetka gen. J\u00f3zefa Bema. W drugiej opisane s\u0105 kr\u00f3tkie historie wsp\u00f3\u0142pracy mi\u0119dzy Pa\u0144stwowym Muzeum Archeologicznym w Warszawie i Muzeum Kultury Kurpiowskiej w Ostro\u0142\u0119ce, a&nbsp;muzeami w\u0119gierskimi. Wszystkie teksty zamieszczone w publikacji, s\u0105 zar\u00f3wno w j\u0119zyku polskim, jak i&nbsp;w\u0119gierskim.<\/div>\n<\/div>\n<p>Muzeum Kultury Kurpiowskiej w Ostro\u0142\u0119ce, Pa\u0144stwowe Muzeum Archeologiczne w Warszawie 2012, wyd. I.<\/p>\n<div>format 158 x 226 mm, 32 s., opr. mi\u0119kka, ISBN 978-83-923536-7-6<\/div>\n<div>Cena: 5 z\u0142<\/div>\n<p>&nbsp;<\/p>\n<p>&nbsp;<\/p>\n","protected":false},"excerpt":{"rendered":"<p>Autor: Istv\u00e1n Kov\u00e1cs &nbsp; Publikacja wydana z okazji dni przyja\u017ani polsko-w\u0119gierskich (22-23.03.2012). W pierwszej cz\u0119\u015bci, zosta\u0142a przedstawiona sylwetka gen. J\u00f3zefa Bema. W drugiej opisane s\u0105 kr\u00f3tkie historie wsp\u00f3\u0142pracy mi\u0119dzy Pa\u0144stwowym Muzeum Archeologicznym w Warszawie i Muzeum Kultury Kurpiowskiej w Ostro\u0142\u0119ce, a&nbsp;muzeami w\u0119gierskimi. Wszystkie teksty zamieszczone w publikacji, s\u0105 zar\u00f3wno w j\u0119zyku polskim, jak i&nbsp;w\u0119gierskim. Muzeum [&hellip;]<\/p>\n","protected":false},"author":1,"featured_media":989,"comment_status":"closed","ping_status":"closed","sticky":false,"template":"","format":"standard","meta":{"_acf_changed":false,"_lmt_disableupdate":"","_lmt_disable":"","_monsterinsights_skip_tracking":false,"_monsterinsights_sitenote_active":false,"_monsterinsights_sitenote_note":"","_monsterinsights_sitenote_category":0,"ngg_post_thumbnail":0,"footnotes":""},"categories":[41],"tags":[],"class_list":["post-987","post","type-post","status-publish","format-standard","has-post-thumbnail","hentry","category-publikacje"],"acf":[],"modified_by":"Daniel Go\u0142a\u015b","_links":{"self":[{"href":"https:\/\/muzeum.ostroleka.pl\/index.php?rest_route=\/wp\/v2\/posts\/987","targetHints":{"allow":["GET"]}}],"collection":[{"href":"https:\/\/muzeum.ostroleka.pl\/index.php?rest_route=\/wp\/v2\/posts"}],"about":[{"href":"https:\/\/muzeum.ostroleka.pl\/index.php?rest_route=\/wp\/v2\/types\/post"}],"author":[{"embeddable":true,"href":"https:\/\/muzeum.ostroleka.pl\/index.php?rest_route=\/wp\/v2\/users\/1"}],"replies":[{"embeddable":true,"href":"https:\/\/muzeum.ostroleka.pl\/index.php?rest_route=%2Fwp%2Fv2%2Fcomments&post=987"}],"version-history":[{"count":3,"href":"https:\/\/muzeum.ostroleka.pl\/index.php?rest_route=\/wp\/v2\/posts\/987\/revisions"}],"predecessor-version":[{"id":13064,"href":"https:\/\/muzeum.ostroleka.pl\/index.php?rest_route=\/wp\/v2\/posts\/987\/revisions\/13064"}],"wp:featuredmedia":[{"embeddable":true,"href":"https:\/\/muzeum.ostroleka.pl\/index.php?rest_route=\/wp\/v2\/media\/989"}],"wp:attachment":[{"href":"https:\/\/muzeum.ostroleka.pl\/index.php?rest_route=%2Fwp%2Fv2%2Fmedia&parent=987"}],"wp:term":[{"taxonomy":"category","embeddable":true,"href":"https:\/\/muzeum.ostroleka.pl\/index.php?rest_route=%2Fwp%2Fv2%2Fcategories&post=987"},{"taxonomy":"post_tag","embeddable":true,"href":"https:\/\/muzeum.ostroleka.pl\/index.php?rest_route=%2Fwp%2Fv2%2Ftags&post=987"}],"curies":[{"name":"wp","href":"https:\/\/api.w.org\/{rel}","templated":true}]}}