{"id":9973,"date":"2022-03-06T14:56:02","date_gmt":"2022-03-06T13:56:02","guid":{"rendered":"https:\/\/muzeum.ostroleka.pl\/?p=9973"},"modified":"2022-03-06T14:56:02","modified_gmt":"2022-03-06T13:56:02","slug":"uczestnicy-zajec-wykonywali-afrykanskie-ozdoby","status":"publish","type":"post","link":"https:\/\/muzeum.ostroleka.pl\/?p=9973","title":{"rendered":"Uczestnicy zaj\u0119\u0107 wykonywali afryka\u0144skie ozdoby"},"content":{"rendered":"<p style=\"text-align: justify;\">Dzisiejsze zaj\u0119cia z cyklu \u201eNiedziela w Muzeum\u201d obfituj\u0105 w \u015bwiecide\u0142ka i kolory. W pracowni etnodizajnu razem z naszymi go\u015b\u0107mi wykonujemy bi\u017cuteri\u0119 inspirowan\u0105 afryka\u0144sk\u0105 mod\u0105. Koraliki, z kt\u00f3rych dzisiaj tworzymy, wyst\u0119puj\u0105 w tylu barwach, kszta\u0142tach i wzorach, \u017ce ogranicza nas jedynie wyobra\u017ania. Nawet w\u015br\u00f3d najm\u0142odszych uczestnik\u00f3w zaj\u0119\u0107 wy\u0142aniaj\u0105 si\u0119 wspania\u0142e talenty. Dzieci samodzielnie komponuj\u0105, nawlekaj\u0105, zaplataj\u0105 sznureczki tworz\u0105c korale, bransoletki, wisiorki, breloczki jakich nie powstydzi\u0142by si\u0119 niejeden sklep.<\/p>\n<p>&nbsp;<\/p>\nngg_shortcode_0_placeholder\n","protected":false},"excerpt":{"rendered":"<p>Dzisiejsze zaj\u0119cia z cyklu \u201eNiedziela w Muzeum\u201d obfituj\u0105 w \u015bwiecide\u0142ka i kolory. W pracowni etnodizajnu razem z naszymi go\u015b\u0107mi wykonujemy bi\u017cuteri\u0119 inspirowan\u0105 afryka\u0144sk\u0105 mod\u0105. Koraliki, z kt\u00f3rych dzisiaj tworzymy, wyst\u0119puj\u0105 w tylu barwach, kszta\u0142tach i wzorach, \u017ce ogranicza nas jedynie wyobra\u017ania. Nawet w\u015br\u00f3d najm\u0142odszych uczestnik\u00f3w zaj\u0119\u0107 wy\u0142aniaj\u0105 si\u0119 wspania\u0142e talenty. Dzieci samodzielnie komponuj\u0105, nawlekaj\u0105, zaplataj\u0105 [&hellip;]<\/p>\n","protected":false},"author":3,"featured_media":10011,"comment_status":"closed","ping_status":"closed","sticky":false,"template":"","format":"standard","meta":{"_acf_changed":false,"_lmt_disableupdate":"","_lmt_disable":"","_monsterinsights_skip_tracking":false,"_monsterinsights_sitenote_active":false,"_monsterinsights_sitenote_note":"","_monsterinsights_sitenote_category":0,"ngg_post_thumbnail":0,"footnotes":""},"categories":[3],"tags":[],"class_list":["post-9973","post","type-post","status-publish","format-standard","has-post-thumbnail","hentry","category-aktualnosci"],"acf":[],"modified_by":"Daniel Go\u0142a\u015b","_links":{"self":[{"href":"https:\/\/muzeum.ostroleka.pl\/index.php?rest_route=\/wp\/v2\/posts\/9973","targetHints":{"allow":["GET"]}}],"collection":[{"href":"https:\/\/muzeum.ostroleka.pl\/index.php?rest_route=\/wp\/v2\/posts"}],"about":[{"href":"https:\/\/muzeum.ostroleka.pl\/index.php?rest_route=\/wp\/v2\/types\/post"}],"author":[{"embeddable":true,"href":"https:\/\/muzeum.ostroleka.pl\/index.php?rest_route=\/wp\/v2\/users\/3"}],"replies":[{"embeddable":true,"href":"https:\/\/muzeum.ostroleka.pl\/index.php?rest_route=%2Fwp%2Fv2%2Fcomments&post=9973"}],"version-history":[{"count":3,"href":"https:\/\/muzeum.ostroleka.pl\/index.php?rest_route=\/wp\/v2\/posts\/9973\/revisions"}],"predecessor-version":[{"id":10013,"href":"https:\/\/muzeum.ostroleka.pl\/index.php?rest_route=\/wp\/v2\/posts\/9973\/revisions\/10013"}],"wp:featuredmedia":[{"embeddable":true,"href":"https:\/\/muzeum.ostroleka.pl\/index.php?rest_route=\/wp\/v2\/media\/10011"}],"wp:attachment":[{"href":"https:\/\/muzeum.ostroleka.pl\/index.php?rest_route=%2Fwp%2Fv2%2Fmedia&parent=9973"}],"wp:term":[{"taxonomy":"category","embeddable":true,"href":"https:\/\/muzeum.ostroleka.pl\/index.php?rest_route=%2Fwp%2Fv2%2Fcategories&post=9973"},{"taxonomy":"post_tag","embeddable":true,"href":"https:\/\/muzeum.ostroleka.pl\/index.php?rest_route=%2Fwp%2Fv2%2Ftags&post=9973"}],"curies":[{"name":"wp","href":"https:\/\/api.w.org\/{rel}","templated":true}]}}